{"id":2416,"date":"2022-02-02T15:33:17","date_gmt":"2022-02-02T14:33:17","guid":{"rendered":"https:\/\/www.kitchen.fr\/blog\/?p=2416"},"modified":"2023-01-04T11:56:19","modified_gmt":"2023-01-04T10:56:19","slug":"10-ustensiles-cuisine-saint-valentin","status":"publish","type":"post","link":"https:\/\/www.kitchen.fr\/blog\/10-ustensiles-cuisine-saint-valentin\/","title":{"rendered":"Top 10 des ustensiles de cuisine pour la saint-valentin"},"content":{"rendered":"<p>C\u2019est bient\u00f4t la <strong>Saint-Valentin<\/strong> et pour l\u2019occasion nous vous avons regroup\u00e9 des articles de cuisine phares \u00e0 avoir chez soi.<\/p>\n<p>Pour montrer votre amour \u00e0 votre moiti\u00e9, pr\u00e9parez-lui un entremets, un g\u00e2teau, ou encore des biscuits.<\/p>\n<p>Alors&#8230;remontez les manches et en cuisine !!<\/p>\n<p>&nbsp;<\/p>\n<h2>Origine de la f\u00eate des amoureux<\/h2>\n<p>A l\u2019origine la Saint-Valentin \u00e9tait la f\u00eate des Lupercales c\u00e9l\u00e9br\u00e9e du 13 au 15 f\u00e9vrier o\u00f9 l\u2019on sacrifiait un bouc pour symboliser la fertilit\u00e9. Elle \u00e9tait synonyme de partage et donn\u00e9e en l\u2019honneur du dieu des troupeaux et des bergers.<\/p>\n<p>Mais qui est ce Valentin que nous c\u00e9l\u00e9brons chaque ann\u00e9e\u00a0?\u00a0 Et bien\u2026 Valentin de terni \u00e9tait un moine ayant refus\u00e9 de se soumettre \u00e0 l\u2019empereur Claude II Le Gothique. En d\u00e9fiant son autorit\u00e9 il f\u00fbt emprisonn\u00e9 et rencontra alors la fille de son ge\u00f4lier\u00a0: Julia, une jeune femme aveugle.<\/p>\n<p>A force d\u2019\u00e9changes et de rencontres, Valentin et Julia tomb\u00e8rent amoureux et un ph\u00e9nom\u00e8ne miraculeux se produisit\u00a0: Julia retrouva la vue. C\u2019est alors que l\u2019empereur qui n\u2019aimait gu\u00e8re les chr\u00e9tiens, condamna Valentin de terni \u00e0 mort. Celui-ci devint martyr et f\u00fbt nomm\u00e9 le Saint-Valentin par le pape G\u00e9las 1<sup>er <\/sup>qui le mit \u00e0 l\u2019honneur chaque <strong>14 f\u00e9vrier<\/strong>.<\/p>\n<p>&nbsp;<\/p>\n<p>A l\u2019heure actuelle, le 14 f\u00e9vrier est connu comme le jour des amours\u2026 Les couples s\u2019\u00e9changent des mots doux, des cadeaux, des fleurs et s\u2019organisent de bons repas.<\/p>\n<p>Pour vous guider, Kitchen.fr vous propose une s\u00e9lection d\u2019articles de cuisine pour une Saint-Valentin r\u00e9ussi\u00a0!<\/p>\n<figure id=\"attachment_2449\" aria-describedby=\"caption-attachment-2449\" style=\"width: 541px\" class=\"wp-caption alignnone\"><img loading=\"lazy\" decoding=\"async\" class=\" wp-image-2449\" src=\"https:\/\/www.kitchen.fr\/blog\/wp-content\/uploads\/2022\/02\/st-valentin-scaled-e1643811723723.jpg\" alt=\"\" width=\"541\" height=\"304\" srcset=\"https:\/\/www.kitchen.fr\/blog\/wp-content\/uploads\/2022\/02\/st-valentin-scaled-e1643811723723.jpg 2560w, https:\/\/www.kitchen.fr\/blog\/wp-content\/uploads\/2022\/02\/st-valentin-scaled-e1643811723723-1024x576.jpg 1024w, https:\/\/www.kitchen.fr\/blog\/wp-content\/uploads\/2022\/02\/st-valentin-scaled-e1643811723723-768x432.jpg 768w, https:\/\/www.kitchen.fr\/blog\/wp-content\/uploads\/2022\/02\/st-valentin-scaled-e1643811723723-1536x864.jpg 1536w, https:\/\/www.kitchen.fr\/blog\/wp-content\/uploads\/2022\/02\/st-valentin-scaled-e1643811723723-2048x1152.jpg 2048w, https:\/\/www.kitchen.fr\/blog\/wp-content\/uploads\/2022\/02\/st-valentin-scaled-e1643811723723-500x281.jpg 500w, https:\/\/www.kitchen.fr\/blog\/wp-content\/uploads\/2022\/02\/st-valentin-scaled-e1643811723723-1300x731.jpg 1300w\" sizes=\"(max-width: 541px) 100vw, 541px\" \/><figcaption id=\"caption-attachment-2449\" class=\"wp-caption-text\">Saint-valentin<\/figcaption><\/figure>\n<h2>Moules et emporte-pi\u00e8ces St Valentin<\/h2>\n<h3>Moule C\u0153ur antiadh\u00e9sif 22 cm<\/h3>\n<figure id=\"attachment_2656\" aria-describedby=\"caption-attachment-2656\" style=\"width: 205px\" class=\"wp-caption alignleft\"><img loading=\"lazy\" decoding=\"async\" class=\" wp-image-2656\" src=\"https:\/\/www.kitchen.fr\/blog\/wp-content\/uploads\/2022\/02\/CS_2105-5467.jpg\" alt=\"moule antiadhesif 22cm coeur\" width=\"205\" height=\"205\" srcset=\"https:\/\/www.kitchen.fr\/blog\/wp-content\/uploads\/2022\/02\/CS_2105-5467.jpg 1200w, https:\/\/www.kitchen.fr\/blog\/wp-content\/uploads\/2022\/02\/CS_2105-5467-300x300.jpg 300w, https:\/\/www.kitchen.fr\/blog\/wp-content\/uploads\/2022\/02\/CS_2105-5467-1024x1024.jpg 1024w, https:\/\/www.kitchen.fr\/blog\/wp-content\/uploads\/2022\/02\/CS_2105-5467-150x150.jpg 150w, https:\/\/www.kitchen.fr\/blog\/wp-content\/uploads\/2022\/02\/CS_2105-5467-768x768.jpg 768w, https:\/\/www.kitchen.fr\/blog\/wp-content\/uploads\/2022\/02\/CS_2105-5467-500x500.jpg 500w, https:\/\/www.kitchen.fr\/blog\/wp-content\/uploads\/2022\/02\/CS_2105-5467-400x400.jpg 400w\" sizes=\"(max-width: 205px) 100vw, 205px\" \/><figcaption id=\"caption-attachment-2656\" class=\"wp-caption-text\"><a href=\"https:\/\/www.kitchen.fr\/patisserie-4\/moule-a-gateau-25\/moule-anti-adhesif-66\/wilton-moule-coeur-antiadhesif-818.html\">Moule Coeur antiadh\u00e9sif 22cm (voir prix)<\/a><\/figcaption><\/figure>\n<p>&nbsp;<\/p>\n<p>Vous voulez d\u00e9clarer votre amour \u00e0 une personne en particulier\u00a0? Optez pour ce magnifique <strong>moule c\u0153ur antiadh\u00e9sif<\/strong>, symbole de la St Valentin !<\/p>\n<p>Choisissez la recette de p\u00e2tisserie pr\u00e9f\u00e9r\u00e9e de l\u2019\u00eatre aim\u00e9 puis versez la dans le moule \u00e0 l\u2019aide d\u2019une spatule ou d\u2019une poche \u00e0 douille.<\/p>\n<p>Rev\u00eatu d\u2019une <strong>couche antiadh\u00e9sive<\/strong><em>, <\/em>sa composition en m\u00e9tal permet un d\u00e9moulage facile afin d\u2019obtenir le plus joli des c\u0153urs.<\/p>\n<p>&nbsp;<\/p>\n<p>&nbsp;<\/p>\n<p>&nbsp;<\/p>\n<h3>Moule d\u00e9coupoir c\u0153ur 25 cm<\/h3>\n<figure id=\"attachment_2658\" aria-describedby=\"caption-attachment-2658\" style=\"width: 218px\" class=\"wp-caption alignright\"><img loading=\"lazy\" decoding=\"async\" class=\" wp-image-2658\" src=\"https:\/\/www.kitchen.fr\/blog\/wp-content\/uploads\/2022\/02\/Scrap_1980.jpg\" alt=\"moule decoupoir 25 cm coeur\" width=\"218\" height=\"233\" srcset=\"https:\/\/www.kitchen.fr\/blog\/wp-content\/uploads\/2022\/02\/Scrap_1980.jpg 748w, https:\/\/www.kitchen.fr\/blog\/wp-content\/uploads\/2022\/02\/Scrap_1980-468x500.jpg 468w\" sizes=\"(max-width: 218px) 100vw, 218px\" \/><figcaption id=\"caption-attachment-2658\" class=\"wp-caption-text\"><a href=\"https:\/\/www.kitchen.fr\/patisserie-4\/emporte-piece-29\/emporte-piece-coeur-97\/scrapcooking-moule-decoupoir-coeur-25-cm-507.html\">Moule D\u00e9coupoir Coeur 25 cm (voir prix)<\/a><\/figcaption><\/figure>\n<p>&nbsp;<\/p>\n<p>Sa forme de c\u0153ur est id\u00e9ale pour faire la surprise \u00e0 votre partenaire\u2026<\/p>\n<p>En plus de rajouter votre pointe d\u2019amour \u00e0 votre pr\u00e9paration, ce c\u0153ur en acier inoxydable permet une cuisson parfaite.<\/p>\n<p>Optez pour un sabl\u00e9 ou une g\u00e9noise comme dessert.<\/p>\n<p>Les dimensions : 25 x 27.5 cm. De quoi ravir les gourmands.<\/p>\n<p>&nbsp;<\/p>\n<h3>Kit d\u00e9coupoir + embosseur c\u0153ur en bois<\/h3>\n<figure id=\"attachment_2659\" aria-describedby=\"caption-attachment-2659\" style=\"width: 748px\" class=\"wp-caption alignnone\"><img loading=\"lazy\" decoding=\"async\" class=\"size-full wp-image-2659\" src=\"https:\/\/www.kitchen.fr\/blog\/wp-content\/uploads\/2022\/02\/decoupoir-bois-coeur-e1672828711903.jpg\" alt=\"emporte piece bois coeur\" width=\"748\" height=\"422\" srcset=\"https:\/\/www.kitchen.fr\/blog\/wp-content\/uploads\/2022\/02\/decoupoir-bois-coeur-e1672828711903.jpg 748w, https:\/\/www.kitchen.fr\/blog\/wp-content\/uploads\/2022\/02\/decoupoir-bois-coeur-e1672828711903-500x282.jpg 500w\" sizes=\"(max-width: 748px) 100vw, 748px\" \/><figcaption id=\"caption-attachment-2659\" class=\"wp-caption-text\"><a href=\"https:\/\/www.kitchen.fr\/patisserie-4\/emporte-piece-29\/emporte-piece-coeur-97\/scrapcooking-kit-decoupoir-embosseur-coeur-en-bois-1276.html\">Kit d\u00e9coupoir + embosseur coeur en bois<\/a><\/figcaption><\/figure>\n<p>Faites plaisir \u00e0 votre \u00e2me s\u0153ur en lui faisant de bons petits biscuits avec cet emporte-pi\u00e8ce en forme de c\u0153ur.<\/p>\n<p>Son embosseur en bois vous permettra de rajouter du relief et de cr\u00e9er de superbes <strong>p\u00e2tisseries<\/strong> \u00e0 d\u00e9guster \u00e0 deux\u2026<\/p>\n<p>Avec une touche d\u2019amour, vos sabl\u00e9s seront le plus beau cadeau que vous pouvez lui faire.<\/p>\n<h3><\/h3>\n<h3>D\u00e9coupoir Love en inox<\/h3>\n<p>Pour cette journ\u00e9e sp\u00e9ciale, habillez ou personnalisez vos cr\u00e9ations d\u2019un joli message qui fera plaisir \u00e0 votre partenaire.<\/p>\n<p>D\u00e9coupez votre p\u00e2te et formez le mot \u00ab\u00a0Love \u00bb \u2026 Pour une id\u00e9e cadeau original, ce moule d\u00e9coupoir est parfait\u00a0!<\/p>\n<p>&nbsp;<\/p>\n<h2>Accessoires de p\u00e2tisserie Love<\/h2>\n<p>Une fois votre dessert pr\u00eat, avez-vous pensez \u00e0 le retravailler ?<\/p>\n<p>Voici tous les <strong>accessoires de cuisine <\/strong>pour cette f\u00eate des amoureux qui pourraient vous \u00eatre utile\u2026<\/p>\n<p>&nbsp;<\/p>\n<h3>Spatule droite<\/h3>\n<figure id=\"attachment_2660\" aria-describedby=\"caption-attachment-2660\" style=\"width: 251px\" class=\"wp-caption alignleft\"><img loading=\"lazy\" decoding=\"async\" class=\" wp-image-2660\" src=\"https:\/\/www.kitchen.fr\/blog\/wp-content\/uploads\/2022\/02\/Sans-titre.png\" alt=\"spatule droite acier inoxydable\" width=\"251\" height=\"312\" srcset=\"https:\/\/www.kitchen.fr\/blog\/wp-content\/uploads\/2022\/02\/Sans-titre.png 1190w, https:\/\/www.kitchen.fr\/blog\/wp-content\/uploads\/2022\/02\/Sans-titre-826x1024.png 826w, https:\/\/www.kitchen.fr\/blog\/wp-content\/uploads\/2022\/02\/Sans-titre-768x953.png 768w, https:\/\/www.kitchen.fr\/blog\/wp-content\/uploads\/2022\/02\/Sans-titre-403x500.png 403w, https:\/\/www.kitchen.fr\/blog\/wp-content\/uploads\/2022\/02\/Sans-titre-1048x1300.png 1048w\" sizes=\"(max-width: 251px) 100vw, 251px\" \/><figcaption id=\"caption-attachment-2660\" class=\"wp-caption-text\"><a href=\"https:\/\/www.kitchen.fr\/ustensile-de-cuisine-3\/preparation-178\/spatule-23\/triangle-spatule-droite-22.html\">Spatule droite (voir prix)<\/a><\/figcaption><\/figure>\n<p>&nbsp;<\/p>\n<p>Cette\u00a0<strong>spatule droite<\/strong>\u00a0est essentielle en cuisine pour retourner vos viandes, poissons ou autres mais aussi en p\u00e2tisserie pour\u00a0lisser et napper vos g\u00e2teaux ou encore d\u00e9coller vos biscuits une fois sortis du four\u2026<\/p>\n<p>Retrouvez plusieurs tailles en fonction de vos besoins\u00a0:<\/p>\n<ul>\n<li>15 cm<\/li>\n<li>20 cm<\/li>\n<li>25 cm<\/li>\n<li>30 cm<\/li>\n<\/ul>\n<p>Sachez que vous pouvez \u00e9galement vous fournir en <strong>spatules coud\u00e9es<\/strong> qui sont compl\u00e9mentaires \u00e0 la spatule droite.<\/p>\n<p>&nbsp;<\/p>\n<p>&nbsp;<\/p>\n<h3>Douille c\u0153ur en inox<\/h3>\n<p>Cette\u00a0<strong>douille p\u00e2tissi\u00e8re <\/strong>en forme de c\u0153ur va vous permettre de r\u00e9aliser de magnifiques d\u00e9corations sur vos cupcakes, g\u00e2teaux ou muffins.<\/p>\n<p>Elle est id\u00e9ale pour la Saint-Valentin afin de c\u00e9l\u00e9brer votre amour\u2026 Cr\u00e9er des c\u0153urs \u00e0 base de\u00a0gla\u00e7age\u00a0ou\u00a0cr\u00e8me au beurre n\u2019a jamais \u00e9t\u00e9 aussi facile\u00a0!<\/p>\n<p>Utilisez votre douille C\u0153ur avec une\u00a0poche p\u00e2tissi\u00e8re pour d\u00e9corer tous vos desserts. En effectuant une simple pression, vous obtenez un r\u00e9sultat de professionnel.<\/p>\n<p>&nbsp;<\/p>\n<h3>Poche \u00e0 douille souple en nylon<\/h3>\n<p>Vous souhaitez surprendre votre partenaire\u00a0pour la f\u00eate des amoureux\u00a0?<\/p>\n<p>Une <strong>poche \u00e0 douille<\/strong> est essentielle afin de r\u00e9aliser de jolies formes, de garnir et d\u00e9corer\u00a0:<\/p>\n<ul>\n<li>G\u00e2teaux<\/li>\n<li>Cupcakes<\/li>\n<li>Tartes<\/li>\n<li>Biscuits<\/li>\n<li>Ganaches au chocolat<\/li>\n<\/ul>\n<p>Une <strong>poche p\u00e2tissi\u00e8re<\/strong> vous permettra d\u2019ex\u00e9cuter un travail digne des grands chefs p\u00e2tissiers. Faciles \u00e0 utiliser, la\u00a0prise en main est rapide\u00a0m\u00eame si vous n\u2019en avez jamais utilis\u00e9 auparavant.<\/p>\n<p>La qualit\u00e9 professionnelle De Buyer vous garantit une pr\u00e9cision pour l\u2019ensemble de vos gestes\u00a0!<\/p>\n<p>&nbsp;<\/p>\n<h2>D\u00e9corations Romantiques<\/h2>\n<p>Quand votre dessert est enfin dress\u00e9, vous n\u2019avez plus qu\u2019\u00e0 ajouter la touche finale.<\/p>\n<p>Que ce soit du gla\u00e7age, des d\u00e9cors sucr\u00e9s ou encore du colorant alimentaire, Kitchen.fr vous propose du <strong>mat\u00e9riel de cuisine<\/strong> de qualit\u00e9\u00a0!<\/p>\n<p>&nbsp;<\/p>\n<h3>Gla\u00e7age au chocolat &#8211; 130 g<\/h3>\n<figure id=\"attachment_2662\" aria-describedby=\"caption-attachment-2662\" style=\"width: 169px\" class=\"wp-caption alignright\"><img loading=\"lazy\" decoding=\"async\" class=\" wp-image-2662\" src=\"https:\/\/www.kitchen.fr\/blog\/wp-content\/uploads\/2022\/02\/Scrap_4700.jpg\" alt=\"glacage au chocolat rouge\" width=\"169\" height=\"180\" srcset=\"https:\/\/www.kitchen.fr\/blog\/wp-content\/uploads\/2022\/02\/Scrap_4700.jpg 748w, https:\/\/www.kitchen.fr\/blog\/wp-content\/uploads\/2022\/02\/Scrap_4700-468x500.jpg 468w\" sizes=\"(max-width: 169px) 100vw, 169px\" \/><figcaption id=\"caption-attachment-2662\" class=\"wp-caption-text\"><a href=\"https:\/\/www.kitchen.fr\/cake-design-8\/decoration-cake-design-61\/scrapcooking-glacage-au-chocolat-130-g-919.html\">Gla\u00e7age au chocolat &#8211; 130g (voir prix)<\/a><\/figcaption><\/figure>\n<p>&nbsp;<\/p>\n<p>Ce <strong>gla\u00e7age au chocolat<\/strong> est id\u00e9al pour parfaire votre dessert\u2026 En plus de d\u00e9corer, il apporte un gout chocolat\u00e9.<\/p>\n<p>Faite preuve de cr\u00e9ativit\u00e9 et laissez l\u2019amour vous guider.<\/p>\n<p>Son\u00a0format tube\u00a0permet d\u2019avoir une bonne prise \u00e0 main et son embout stylo offre une pr\u00e9cision pendant la\u00a0d\u00e9coration.<\/p>\n<p>&nbsp;<\/p>\n<h3>Colorant alimentaire en poudre 5g<\/h3>\n<p>Disponible en 19 couleurs, optez pour un <strong>colorant alimentaire<\/strong> en poudre qui sublimera votre p\u00e2tisserie.<\/p>\n<p>Colorez toutes vos pr\u00e9parations\u00a0: cr\u00e8me, g\u00e2teau, macarons, gla\u00e7age\u2026<\/p>\n<p>Les <strong>colorants en poudre<\/strong> sont tr\u00e8s pigment\u00e9s ce qui leur permettent de r\u00e9sister \u00e0 la cuisson. Une pointe de couteau et le tour est jou\u00e9\u00a0!<\/p>\n<figure id=\"attachment_2430\" aria-describedby=\"caption-attachment-2430\" style=\"width: 481px\" class=\"wp-caption alignnone\"><img loading=\"lazy\" decoding=\"async\" class=\" wp-image-2430\" src=\"https:\/\/www.kitchen.fr\/blog\/wp-content\/uploads\/2022\/01\/8d5cc9f5-b3a1-4689-aa3e-039b9c5fceb8-e1643367259279.jpg\" alt=\"\" width=\"481\" height=\"362\" srcset=\"https:\/\/www.kitchen.fr\/blog\/wp-content\/uploads\/2022\/01\/8d5cc9f5-b3a1-4689-aa3e-039b9c5fceb8-e1643367259279.jpg 1316w, https:\/\/www.kitchen.fr\/blog\/wp-content\/uploads\/2022\/01\/8d5cc9f5-b3a1-4689-aa3e-039b9c5fceb8-e1643367259279-1024x772.jpg 1024w, https:\/\/www.kitchen.fr\/blog\/wp-content\/uploads\/2022\/01\/8d5cc9f5-b3a1-4689-aa3e-039b9c5fceb8-e1643367259279-768x579.jpg 768w, https:\/\/www.kitchen.fr\/blog\/wp-content\/uploads\/2022\/01\/8d5cc9f5-b3a1-4689-aa3e-039b9c5fceb8-e1643367259279-500x377.jpg 500w, https:\/\/www.kitchen.fr\/blog\/wp-content\/uploads\/2022\/01\/8d5cc9f5-b3a1-4689-aa3e-039b9c5fceb8-e1643367259279-1300x980.jpg 1300w\" sizes=\"(max-width: 481px) 100vw, 481px\" \/><figcaption id=\"caption-attachment-2430\" class=\"wp-caption-text\">Macaron \u00e0 la framboise<\/figcaption><\/figure>\n<h3><\/h3>\n<h3>4 stylos de gla\u00e7age de couleur or, marron, blanc, rouge<\/h3>\n<p>Ce kit de\u00a0stylo de d\u00e9coration se compose de 4 gla\u00e7ages pr\u00eat \u00e0 l\u2019emploi.<\/p>\n<p>Ces 4\u00a0stylos de <strong>d\u00e9coration pour p\u00e2tisserie\u00a0<\/strong>aux couleurs de l\u2019amour seront indispensables pour embellir de petits sabl\u00e9s, dessiner sur vos g\u00e2teaux, muffins, cupcakes\u2026<\/p>\n<p>Retrouvez 4 tubes de pr\u00e9parations sucr\u00e9es g\u00e9lifi\u00e9es de 20g chacun\u00a0:<\/p>\n<ul>\n<li>Stylo Rouge, go\u00fbt fraise<\/li>\n<li>Stylo Rouge, go\u00fbt vanille<\/li>\n<li>Stylo Dor\u00e9<\/li>\n<li>Stylo marron,\u00a0go\u00fbt chocolat<\/li>\n<\/ul>\n<p><em>\u00a0<\/em><\/p>\n<p>Vous n\u2019avez plus d\u2019excuses pour f\u00eater la Saint-Valentin comme il se doit\u00a0!<\/p>\n<p>Pour quel dessert allez-vous optez\u00a0? Plut\u00f4t biscuits, g\u00e2teau, tarte\u2026\u00a0?<\/p>\n<p>Tous les <strong>outils de cuisine<\/strong> pr\u00e9sent\u00e9s dans cet article se trouve sur la boutique en ligne Kitchen.fr. N\u2019h\u00e9sitez pas \u00e0 aller faire un tour et trouver votre bonheur\u00a0! C\u2019est avec plaisir que nous vous pr\u00e9parerons vos commandes.<\/p>\n<p>Si vous avez la moindre question, faites-en nous part\u00a0: nous y r\u00e9pondrons avec joie.<\/p>\n<figure id=\"attachment_2427\" aria-describedby=\"caption-attachment-2427\" style=\"width: 432px\" class=\"wp-caption alignnone\"><img loading=\"lazy\" decoding=\"async\" class=\" wp-image-2427\" src=\"https:\/\/www.kitchen.fr\/blog\/wp-content\/uploads\/2022\/01\/rose-saint-valentin-scaled.jpg\" alt=\"\" width=\"432\" height=\"435\" srcset=\"https:\/\/www.kitchen.fr\/blog\/wp-content\/uploads\/2022\/01\/rose-saint-valentin-scaled.jpg 2541w, https:\/\/www.kitchen.fr\/blog\/wp-content\/uploads\/2022\/01\/rose-saint-valentin-1016x1024.jpg 1016w, https:\/\/www.kitchen.fr\/blog\/wp-content\/uploads\/2022\/01\/rose-saint-valentin-150x150.jpg 150w, https:\/\/www.kitchen.fr\/blog\/wp-content\/uploads\/2022\/01\/rose-saint-valentin-768x774.jpg 768w, https:\/\/www.kitchen.fr\/blog\/wp-content\/uploads\/2022\/01\/rose-saint-valentin-1525x1536.jpg 1525w, https:\/\/www.kitchen.fr\/blog\/wp-content\/uploads\/2022\/01\/rose-saint-valentin-2033x2048.jpg 2033w, https:\/\/www.kitchen.fr\/blog\/wp-content\/uploads\/2022\/01\/rose-saint-valentin-496x500.jpg 496w, https:\/\/www.kitchen.fr\/blog\/wp-content\/uploads\/2022\/01\/rose-saint-valentin-1290x1300.jpg 1290w\" sizes=\"(max-width: 432px) 100vw, 432px\" \/><figcaption id=\"caption-attachment-2427\" class=\"wp-caption-text\">Bouquet de roses<\/figcaption><\/figure>\n","protected":false},"excerpt":{"rendered":"<p>C\u2019est bient\u00f4t la Saint-Valentin et pour l\u2019occasion nous vous avons regroup\u00e9 des articles de cuisine phares \u00e0 avoir chez soi. Pour montrer votre amour \u00e0 votre moiti\u00e9, pr\u00e9parez-lui un entremets, un g\u00e2teau, ou encore des biscuits. Alors&#8230;remontez les manches et en cuisine !! &nbsp; Origine de la f\u00eate des amoureux A l\u2019origine la Saint-Valentin \u00e9tait&#8230;<\/p>\n<div class=\" [&hellip;]\"><a href=\"https:\/\/www.kitchen.fr\/blog\/10-ustensiles-cuisine-saint-valentin\/\">Lire plus<\/a><\/div>\n","protected":false},"author":1,"featured_media":2432,"comment_status":"open","ping_status":"open","sticky":false,"template":"","format":"standard","meta":{"footnotes":""},"categories":[48],"tags":[],"aioseo_notices":[],"_links":{"self":[{"href":"https:\/\/www.kitchen.fr\/blog\/wp-json\/wp\/v2\/posts\/2416"}],"collection":[{"href":"https:\/\/www.kitchen.fr\/blog\/wp-json\/wp\/v2\/posts"}],"about":[{"href":"https:\/\/www.kitchen.fr\/blog\/wp-json\/wp\/v2\/types\/post"}],"author":[{"embeddable":true,"href":"https:\/\/www.kitchen.fr\/blog\/wp-json\/wp\/v2\/users\/1"}],"replies":[{"embeddable":true,"href":"https:\/\/www.kitchen.fr\/blog\/wp-json\/wp\/v2\/comments?post=2416"}],"version-history":[{"count":27,"href":"https:\/\/www.kitchen.fr\/blog\/wp-json\/wp\/v2\/posts\/2416\/revisions"}],"predecessor-version":[{"id":2663,"href":"https:\/\/www.kitchen.fr\/blog\/wp-json\/wp\/v2\/posts\/2416\/revisions\/2663"}],"wp:featuredmedia":[{"embeddable":true,"href":"https:\/\/www.kitchen.fr\/blog\/wp-json\/wp\/v2\/media\/2432"}],"wp:attachment":[{"href":"https:\/\/www.kitchen.fr\/blog\/wp-json\/wp\/v2\/media?parent=2416"}],"wp:term":[{"taxonomy":"category","embeddable":true,"href":"https:\/\/www.kitchen.fr\/blog\/wp-json\/wp\/v2\/categories?post=2416"},{"taxonomy":"post_tag","embeddable":true,"href":"https:\/\/www.kitchen.fr\/blog\/wp-json\/wp\/v2\/tags?post=2416"}],"curies":[{"name":"wp","href":"https:\/\/api.w.org\/{rel}","templated":true}]}}