{"id":1746,"date":"2019-06-18T09:58:54","date_gmt":"2019-06-18T08:58:54","guid":{"rendered":"https:\/\/www.kitchen.fr\/blog\/?p=1746"},"modified":"2022-11-24T15:46:21","modified_gmt":"2022-11-24T14:46:21","slug":"comment-faire-layer-cake-chocolat-coco","status":"publish","type":"post","link":"https:\/\/www.kitchen.fr\/blog\/comment-faire-layer-cake-chocolat-coco\/","title":{"rendered":"Comment faire un Layer cake chocolat coco ?"},"content":{"rendered":"<p>Vous vous \u00eates s\u00fbrement d\u00e9j\u00e0 demand\u00e9 quel <strong>g\u00e2teau d\u2019anniversaire<\/strong> ferait plaisir aux gourmands qui vous entourent\u00a0et \u00e9videmment au principal pr\u00e9pos\u00e9 ? Eh bien voici un g\u00e2teau qui sort un peu de l\u2019ordinaire\u00a0! Pour ce nouveau g\u00e2teau, j\u2019ai voulu r\u00e9aliser un g\u00e2teau au chocolat accompagn\u00e9 d\u2019une touche de noix de coco.<\/p>\n<p>En plus de vous fournir une recette p\u00e2tissi\u00e8re parfaitement d\u00e9taill\u00e9e et qui a d\u00e9j\u00e0 \u00e9tait test\u00e9, nous souhaitons quand m\u00eame vous rassurez concernant l\u2019\u00e9laboration de ce d\u00e9licieux Layer cake\u00a0: il fait partie de la cat\u00e9gorie des <em>g\u00e2teaux simples<\/em> \u00e0 r\u00e9aliser \u2026 A condition d\u2019avoir tous les ustensiles de p\u00e2tisserie ad\u00e9quats \u00e9videmment\u00a0!<\/p>\n<p>Nous sommes certaines que cette p\u00e2tisserie fera l\u2019unanimit\u00e9\u00a0! Comment ne pas aimer le c\u00f4t\u00e9 moelleux du <strong>Molly cake<\/strong>, le c\u00f4t\u00e9 craquant du croustillant <em>chocolat noix de coco<\/em>, et les saveurs plus que gourmandes gr\u00e2ce \u00e0 la ganache au <em>chocolat blanc<\/em>\u00a0? Cela para\u00eet presque impossible, alors \u00eates-vous pr\u00eat pour vous lancez dans la confection de ce Cake design\u00a0?<\/p>\n<h2><strong>Molly cake au chocolat<\/strong><\/h2>\n<p>Pour moule de 20cm x 10 cm<\/p>\n<p><strong>Ingr\u00e9dients :<\/strong><\/p>\n<p><strong>125g de sucre<\/strong><\/p>\n<p><strong>\u00a02 \u0153ufs<\/strong><\/p>\n<p><strong>\u00a0110g de farine<\/strong><\/p>\n<p><strong>\u00a015g de cacao non sucr\u00e9<\/strong><\/p>\n<p><strong>\u00a0125g de cr\u00e8me liquide<\/strong><\/p>\n<p><strong>\u00a05g de levure chimique <\/strong><\/p>\n<p>Pr\u00e9chauffez le four \u00e0 160\u00b0.<\/p>\n<p>Commencez par fouetter longuement le sucre et les \u0153ufs. Le m\u00e9lange doit blanchir et doubler de volume. Comptez environ 10 minutes.<\/p>\n<p>Tamisez farine, levure et cacao en poudre. Incorporez au m\u00e9lange pr\u00e9c\u00e9dent.<\/p>\n<p>Montez la cr\u00e8me en chantilly et ajoutez-la \u00e0 votre p\u00e2te. A la Maryse, amalgamez le tout en veillant \u00e0 ne pas faire retomber la chantilly.<\/p>\n<p>Enfournez pour 50 minutes environ. Surveillez bien la cuisson, la pointe d\u2019un couteau doit ressortir s\u00e8che.<\/p>\n<h2><strong>Molly Cake<\/strong><\/h2>\n<p>Pour moule de 20cm<\/p>\n<figure id=\"attachment_1754\" aria-describedby=\"caption-attachment-1754\" style=\"width: 598px\" class=\"wp-caption aligncenter\"><img loading=\"lazy\" decoding=\"async\" class=\"wp-image-1754 size-full\" src=\"https:\/\/www.kitchen.fr\/blog\/wp-content\/uploads\/2019\/06\/molly-cake-nature.png\" alt=\"\" width=\"598\" height=\"600\" srcset=\"https:\/\/www.kitchen.fr\/blog\/wp-content\/uploads\/2019\/06\/molly-cake-nature.png 598w, https:\/\/www.kitchen.fr\/blog\/wp-content\/uploads\/2019\/06\/molly-cake-nature-300x300.png 300w, https:\/\/www.kitchen.fr\/blog\/wp-content\/uploads\/2019\/06\/molly-cake-nature-150x150.png 150w, https:\/\/www.kitchen.fr\/blog\/wp-content\/uploads\/2019\/06\/molly-cake-nature-498x500.png 498w, https:\/\/www.kitchen.fr\/blog\/wp-content\/uploads\/2019\/06\/molly-cake-nature-400x400.png 400w\" sizes=\"(max-width: 598px) 100vw, 598px\" \/><figcaption id=\"caption-attachment-1754\" class=\"wp-caption-text\">Recette du Molly Cake nature<\/figcaption><\/figure>\n<p><strong>250 g de farine<\/strong><\/p>\n<p><strong>250 g de sucre<\/strong><\/p>\n<p><strong>250 g de cr\u00e8me liquide enti\u00e8re bien enti\u00e8re (m\u00eame la 30% c\u2019est limite \u00e0 fouetter)<\/strong><\/p>\n<p><strong>3 \u0153ufs<\/strong><\/p>\n<p><strong>1 sachet de sucre vanill\u00e9<\/strong><\/p>\n<p><strong>9 g de levure chimique<\/strong><\/p>\n<p><strong>Un ar\u00f4me (des \u00e9mulsions, de la p\u00e2te de sp\u00e9culoos, un ar\u00f4me fruit\u00e9, de la vanille, \u2026)<\/strong><\/p>\n<p>On fait pr\u00e9chauffer le four \u00e0 150\u00b0C\/160\u00b0C<\/p>\n<p>On place un bol, le(s) fouet(s) et la cr\u00e8me au freezer pendant 30\/45 min<\/p>\n<p>Pendant ce temps, on r\u00e9alise un sabayon \u00e0 froid : fouetter au robot les sucres et les \u0153ufs entiers jusqu\u2019\u00e0 ce que le m\u00e9lange double de volume.<\/p>\n<p>Dans un petit bol, on m\u00e9lange la farine et la levure puis on verse petit \u00e0 petit dans la pr\u00e9paration.<\/p>\n<p>Une fois que tout est m\u00e9lang\u00e9, on peut sortir les \u00e9l\u00e9ments pour la cr\u00e8me fouett\u00e9e. La texture doit \u00eatre ferme.<\/p>\n<p>On m\u00e9lange d\u00e9licatement la cr\u00e8me fouett\u00e9e \u00e0 la pr\u00e9paration \u00e0 l\u2019aide d\u2019une Maryse (elle est toujours dispo et sympa cette Maryse) !<\/p>\n<p>On verse dans un moule beurr\u00e9.<\/p>\n<p>Quand on enfourne le moule, on n\u2019ouvre pas la porte si possible. Il faut entre 1h et 1h20 de cuisson.<\/p>\n<p>Le moule est un 10 cm de haut et au final apr\u00e8s refroidissement, le g\u00e2teau fera 8 cm, de quoi rendre Madame heureuse (si si c\u2019est possible\u2026en cuisine\u00a0!)<\/p>\n<p>Et pour avoir un g\u00e2teau bien plat, n\u2019h\u00e9site pas \u00e0 le retourner quand il est ti\u00e8de. Le fond devient le dessus et c\u2019est tout plat\u2026<\/p>\n<p>Imbiber le Molly cake de lait de coco et lait chaud.<\/p>\n<h2><strong>Croustillant chocolat \/ noix de <\/strong><strong>coco <\/strong><\/h2>\n<p>Pour moule de 20cm<\/p>\n<figure id=\"attachment_1755\" aria-describedby=\"caption-attachment-1755\" style=\"width: 597px\" class=\"wp-caption aligncenter\"><img loading=\"lazy\" decoding=\"async\" class=\"wp-image-1755 size-full\" src=\"https:\/\/www.kitchen.fr\/blog\/wp-content\/uploads\/2019\/06\/croustillant-chocolat-recette.png\" alt=\"\" width=\"597\" height=\"600\" srcset=\"https:\/\/www.kitchen.fr\/blog\/wp-content\/uploads\/2019\/06\/croustillant-chocolat-recette.png 597w, https:\/\/www.kitchen.fr\/blog\/wp-content\/uploads\/2019\/06\/croustillant-chocolat-recette-150x150.png 150w, https:\/\/www.kitchen.fr\/blog\/wp-content\/uploads\/2019\/06\/croustillant-chocolat-recette-498x500.png 498w\" sizes=\"(max-width: 597px) 100vw, 597px\" \/><figcaption id=\"caption-attachment-1755\" class=\"wp-caption-text\">Recette du croustillant<\/figcaption><\/figure>\n<p><strong>120 g de chocolat lait + pralin\u00e9\u00a0?<\/strong><\/p>\n<p><strong>50 g de cr\u00eapes dentelles<\/strong><\/p>\n<p><strong>40 g de noix de coco r\u00e2p\u00e9e<\/strong><\/p>\n<p>Torr\u00e9fiez la noix de coco r\u00e2p\u00e9e dans une po\u00eale \u00e0 feu moyen.<\/p>\n<p>Fa\u00eetes fondre le chocolat au bain-marie ou doucement au micro-ondes.<\/p>\n<p>Ajoutez dans le chocolat, la noix de coco r\u00e2p\u00e9e et les cr\u00eapes dentelles \u00e9miett\u00e9es. M\u00e9langez \u00e0 la spatule.<\/p>\n<p>Puis, \u00e9talez cette pr\u00e9paration sur le fondant au chocolat refroidi. D\u00e9posez au frais.<\/p>\n<h2><strong>Mousse \u00e0 la noix de coco <\/strong><\/h2>\n<p><strong>\u00a0<\/strong><strong>250 g de lait de coco<\/strong><\/p>\n<p><strong>9 g de feuilles de g\u00e9latine<\/strong><\/p>\n<p><strong>250 ml de cr\u00e8me liquide enti\u00e8re<\/strong><\/p>\n<p><strong>80 g de sucre<\/strong><\/p>\n<p>Mettez \u00e0 ramollir les feuilles de g\u00e9latine dans un grand bol d&rsquo;eau froide.<\/p>\n<p>Fouettez la cr\u00e8me liquide bien froide jusqu&rsquo;\u00e0 l&rsquo;obtention d&rsquo;une cr\u00e8me fouett\u00e9e, placez au frais.<\/p>\n<p>Fa\u00eetes chauffez le lait de coco avec le sucre, retirez du feu \u00e0 la premi\u00e8re \u00e9bullition.<\/p>\n<p>Hors du feu, et apr\u00e8s une minute, ajoutez les feuilles de g\u00e9latine ramollies et essor\u00e9es, bien m\u00e9langez \u00e0 l&rsquo;ide d&rsquo;un fouet, afin de s&rsquo;assurer de leurs compl\u00e8tes dissolution.<\/p>\n<p>Laissez descendre la temp\u00e9rature \u00e0 35\u00b0C, et ajoutez \u00e0 la cr\u00e8me fouett\u00e9e, m\u00e9langez d\u00e9licatement \u00e0 la spatule.<\/p>\n<p>Attendez 5 minutes avant de l&rsquo;utiliser.<\/p>\n<h2><strong>Ganache au chocolat blanc\u00a0<\/strong><\/h2>\n<p><strong>\u00a0<\/strong><strong>400g de chocolat blanc<\/strong><\/p>\n<p><strong>130g de cr\u00e8me liquide<\/strong><\/p>\n<p>Portez \u00e0 \u00e9bullition la cr\u00e8me puis ajoutez le chocolat blanc (cass\u00e9 en morceaux)<\/p>\n<p>M\u00e9langez jusqu\u2019\u00e0 l\u2019obtention d\u2019une texture uniforme. Filmez au contact puis laissez refroidir.<\/p>\n<p>Montage\u00a0:<\/p>\n<p>1<sup>\u00e8re<\/sup> couche\u00a0: Croustillant chocolat \/ noix de coco<\/p>\n<p>2<sup>\u00e8me<\/sup> couche\u00a0: Molly cake nature<\/p>\n<p>3<sup>\u00e8me<\/sup> couche\u00a0: Mousse coco<\/p>\n<p>4<sup>\u00e8me<\/sup> couche\u00a0: Molly cake chocolat<\/p>\n<p>5<sup>\u00e8me<\/sup> couche\u00a0: Mousse coco<\/p>\n<p>6<sup>\u00e8me<\/sup> couche\u00a0: Molly cake nature<\/p>\n<p>7<sup>\u00e8me<\/sup> couche\u00a0: Mousse coco<\/p>\n<p>8<sup>\u00e8me<\/sup> couche\u00a0: Molly cake chocolat<\/p>\n<p>Couverture\u00a0: Ganache au chocolat blanc<\/p>\n<p>Veillez \u00e0 bien respecter les temps de cuisson afin que vos g\u00e2teaux soient aussi beaux que bons ..<\/p>\n<figure id=\"attachment_1757\" aria-describedby=\"caption-attachment-1757\" style=\"width: 602px\" class=\"wp-caption aligncenter\"><img loading=\"lazy\" decoding=\"async\" class=\"wp-image-1757 size-full\" src=\"https:\/\/www.kitchen.fr\/blog\/wp-content\/uploads\/2019\/06\/patisserie-cake-design.png\" alt=\"\" width=\"602\" height=\"600\" srcset=\"https:\/\/www.kitchen.fr\/blog\/wp-content\/uploads\/2019\/06\/patisserie-cake-design.png 602w, https:\/\/www.kitchen.fr\/blog\/wp-content\/uploads\/2019\/06\/patisserie-cake-design-300x300.png 300w, https:\/\/www.kitchen.fr\/blog\/wp-content\/uploads\/2019\/06\/patisserie-cake-design-150x150.png 150w, https:\/\/www.kitchen.fr\/blog\/wp-content\/uploads\/2019\/06\/patisserie-cake-design-500x498.png 500w, https:\/\/www.kitchen.fr\/blog\/wp-content\/uploads\/2019\/06\/patisserie-cake-design-400x400.png 400w\" sizes=\"(max-width: 602px) 100vw, 602px\" \/><figcaption id=\"caption-attachment-1757\" class=\"wp-caption-text\">Layer cake Chocolat Coco<\/figcaption><\/figure>\n<h3>La d\u00e9coration dentelle<\/h3>\n<figure id=\"attachment_1751\" aria-describedby=\"caption-attachment-1751\" style=\"width: 598px\" class=\"wp-caption aligncenter\"><img loading=\"lazy\" decoding=\"async\" class=\"wp-image-1751 size-full\" src=\"https:\/\/www.kitchen.fr\/blog\/wp-content\/uploads\/2019\/06\/deco-dentelle-patisserie-w800-h600.png\" alt=\"\" width=\"598\" height=\"600\" srcset=\"https:\/\/www.kitchen.fr\/blog\/wp-content\/uploads\/2019\/06\/deco-dentelle-patisserie-w800-h600.png 598w, https:\/\/www.kitchen.fr\/blog\/wp-content\/uploads\/2019\/06\/deco-dentelle-patisserie-w800-h600-300x300.png 300w, https:\/\/www.kitchen.fr\/blog\/wp-content\/uploads\/2019\/06\/deco-dentelle-patisserie-w800-h600-150x150.png 150w, https:\/\/www.kitchen.fr\/blog\/wp-content\/uploads\/2019\/06\/deco-dentelle-patisserie-w800-h600-498x500.png 498w, https:\/\/www.kitchen.fr\/blog\/wp-content\/uploads\/2019\/06\/deco-dentelle-patisserie-w800-h600-400x400.png 400w\" sizes=\"(max-width: 598px) 100vw, 598px\" \/><figcaption id=\"caption-attachment-1751\" class=\"wp-caption-text\">Pr\u00e9paration de la d\u00e9coration dentelle<\/figcaption><\/figure>\n<h2>Quels sont les ustensiles de cuisine ad\u00e9quats\u00a0?<\/h2>\n<p>Si vous souhaitez obtenir de sublimes p\u00e2tisseries, il faut forc\u00e9ment s\u2019\u00e9quiper des <strong>ustensiles \u00e0 p\u00e2tisserie professionnels<\/strong> qui d\u2019une part faciliteront vos gestes et seront ainsi un gain de temps lors de votre pr\u00e9paration et d\u2019autre part joueront un r\u00f4le fondamental sur le rendu visuel de votre Layer cake.<\/p>\n<h3><a href=\"https:\/\/www.kitchen.fr\/patisserie-4\/cercle-patisserie-27\/cercle-a-entremet-86\/de-buyer-cercle-patisserie-extensible-18-36-cm-522.html\">Le cercle pour Layer cake<\/a><\/h3>\n<p>Ce cercle \u00e0 bord rond et d\u2019une hauteur de 4.5 cm, vous permettra de confectionner une multitude de desserts maison.<\/p>\n<p>Ce cercle en inox de qualit\u00e9 professionnelle est disponible en diff\u00e9rents diam\u00e8tres\u00a0:<\/p>\n<ul>\n<li>18 cm<\/li>\n<li>24 cm<\/li>\n<li>28 cm<\/li>\n<\/ul>\n<p>Le montage de nombreux entremets est v\u00e9ritablement l\u2019ustensile pour p\u00e2tisserie \u00e0 acqu\u00e9rir si vous voulez obtenir des g\u00e2teaux visuellement irr\u00e9prochables. De plus, il est multifonctionnel puisque vous pouvez autant l\u2019utiliser pour la <strong>cuisson de vos p\u00e2tisseries<\/strong> que pour le formage \u00e0 froid.<\/p>\n<p>Gr\u00e2ce \u00e0 l\u2019<em>acier inoxydable<\/em> dont il est compos\u00e9 \u00e0 100 %, le d\u00e9moulage de votre g\u00e2teau sera rapide et pratique du fait de sa forte flexibilit\u00e9.<\/p>\n<figure id=\"attachment_1749\" aria-describedby=\"caption-attachment-1749\" style=\"width: 602px\" class=\"wp-caption aligncenter\"><img loading=\"lazy\" decoding=\"async\" class=\"wp-image-1749 size-full\" src=\"https:\/\/www.kitchen.fr\/blog\/wp-content\/uploads\/2019\/06\/cercle-layer-cake-w800-h600.png\" alt=\"\" width=\"602\" height=\"600\" srcset=\"https:\/\/www.kitchen.fr\/blog\/wp-content\/uploads\/2019\/06\/cercle-layer-cake-w800-h600.png 602w, https:\/\/www.kitchen.fr\/blog\/wp-content\/uploads\/2019\/06\/cercle-layer-cake-w800-h600-300x300.png 300w, https:\/\/www.kitchen.fr\/blog\/wp-content\/uploads\/2019\/06\/cercle-layer-cake-w800-h600-150x150.png 150w, https:\/\/www.kitchen.fr\/blog\/wp-content\/uploads\/2019\/06\/cercle-layer-cake-w800-h600-500x498.png 500w, https:\/\/www.kitchen.fr\/blog\/wp-content\/uploads\/2019\/06\/cercle-layer-cake-w800-h600-400x400.png 400w\" sizes=\"(max-width: 602px) 100vw, 602px\" \/><figcaption id=\"caption-attachment-1749\" class=\"wp-caption-text\">Cercle pour p\u00e2tisseries<\/figcaption><\/figure>\n<h3><a href=\"https:\/\/www.kitchen.fr\/ustensile-de-cuisine-3\/preparation-178\/fouet-14\/de-buyer-fouet-professionnel-goma-69.html\">Le fouet professionnel<\/a><\/h3>\n<p>Vous l\u2019avez certainement compris en lisant cette recette de Layer cake au chocolat et coco, le fouet fait \u00e9galement partie des indispensables en p\u00e2tisserie. Pour <em>m\u00e9langer<\/em>, <em>\u00e9mulsionner<\/em>, <em>battre<\/em> et <em>a\u00e9rer <\/em>l\u2019utilisation d\u2019un fouet professionnel est n\u00e9cessaire pour de nombreuses sortes de pr\u00e9parations.<\/p>\n<p>Ce fouet De Buyer est compos\u00e9 de <strong>fils en inox \u00e0 la qualit\u00e9 ressort<\/strong> ce qui signifie qu\u2019ils vous apporteront un v\u00e9ritable confort lors de la confection de g\u00e2teaux ou de plats. Il est aussi dot\u00e9 d\u2019un manche polypropyl\u00e8ne <em>antiglisse <\/em>et<em> ergonomique <\/em>qui est donc la garantie d\u2019une bonne prise en main.<\/p>\n<p><u>Voici les diff\u00e9rentes tailles disponibles\u00a0: \u00a0<\/u><\/p>\n<ul>\n<li>20 cm avec de fils en inox de 1.4 mm de diam\u00e8tre<\/li>\n<li>25 cm avec des fils en inox de 1.4 mm de diam\u00e8tre<\/li>\n<li>30 cm avec des fils en inox de 1.8 mm de diam\u00e8tre<\/li>\n<\/ul>\n<figure id=\"attachment_1759\" aria-describedby=\"caption-attachment-1759\" style=\"width: 598px\" class=\"wp-caption aligncenter\"><img loading=\"lazy\" decoding=\"async\" class=\"wp-image-1759 size-full\" src=\"https:\/\/www.kitchen.fr\/blog\/wp-content\/uploads\/2019\/06\/fouet-professionnel-gateaux.png\" alt=\"\" width=\"598\" height=\"600\" srcset=\"https:\/\/www.kitchen.fr\/blog\/wp-content\/uploads\/2019\/06\/fouet-professionnel-gateaux.png 598w, https:\/\/www.kitchen.fr\/blog\/wp-content\/uploads\/2019\/06\/fouet-professionnel-gateaux-300x300.png 300w, https:\/\/www.kitchen.fr\/blog\/wp-content\/uploads\/2019\/06\/fouet-professionnel-gateaux-150x150.png 150w, https:\/\/www.kitchen.fr\/blog\/wp-content\/uploads\/2019\/06\/fouet-professionnel-gateaux-498x500.png 498w, https:\/\/www.kitchen.fr\/blog\/wp-content\/uploads\/2019\/06\/fouet-professionnel-gateaux-400x400.png 400w\" sizes=\"(max-width: 598px) 100vw, 598px\" \/><figcaption id=\"caption-attachment-1759\" class=\"wp-caption-text\">Fouet de Buyer<\/figcaption><\/figure>\n<h3>La bassine cul de poule<\/h3>\n<p>Cette bassine demi-sph\u00e8re vous permettra de m\u00e9langer un grand nombre de pr\u00e9parations. Ses diff\u00e9rents formats vous permettront en effet de faire <strong>chauffer au bain-marie<\/strong>, de m\u00e9langer, de fouetter ou de conserver une pr\u00e9paration.<\/p>\n<p>La forme de cette bassine de Buyer a \u00e9t\u00e9 travaill\u00e9e afin que l\u2019air soit parfaitement incorpor\u00e9 ce qui signifie donc que vous n\u2019aurez aucun probl\u00e8me pour fouetter vos pr\u00e9parations. De plus, son fond en silicone est la garantie d\u2019une <em>parfaite stabilit\u00e9<\/em> de cet ustensile.<\/p>\n<p>Voici les 4 diam\u00e8tres que vous pouvez retrouver sur notre site Kitchen\u00a0:<\/p>\n<ul>\n<li>16 cm<\/li>\n<li>20 cm<\/li>\n<li>24 cm<\/li>\n<li>30 cm<\/li>\n<\/ul>\n<figure id=\"attachment_1760\" aria-describedby=\"caption-attachment-1760\" style=\"width: 595px\" class=\"wp-caption aligncenter\"><img loading=\"lazy\" decoding=\"async\" class=\"wp-image-1760 size-full\" src=\"https:\/\/www.kitchen.fr\/blog\/wp-content\/uploads\/2019\/06\/bassine-cul-poule-patisserie.png\" alt=\"\" width=\"595\" height=\"600\" srcset=\"https:\/\/www.kitchen.fr\/blog\/wp-content\/uploads\/2019\/06\/bassine-cul-poule-patisserie.png 595w, https:\/\/www.kitchen.fr\/blog\/wp-content\/uploads\/2019\/06\/bassine-cul-poule-patisserie-150x150.png 150w, https:\/\/www.kitchen.fr\/blog\/wp-content\/uploads\/2019\/06\/bassine-cul-poule-patisserie-496x500.png 496w\" sizes=\"(max-width: 595px) 100vw, 595px\" \/><figcaption id=\"caption-attachment-1760\" class=\"wp-caption-text\">Bassine cul de poule<\/figcaption><\/figure>\n<p>&nbsp;<\/p>\n<h3>La spatule<\/h3>\n<p>Pour racler vos <em>bols<\/em>, vos <em>bassines cul de poule<\/em> ou des <em>moules<\/em> de diff\u00e9rentes tailles et formes, cette spatule gr\u00e2ce \u00e0 sa texture en silicone ne laissera aucune trace sur vos r\u00e9cipients. Pour la pr\u00e9paration de macarons, pour m\u00e9langer des \u0153ufs brouill\u00e9s, pour plier une omelette ou pour retourner une cr\u00eape, c\u2019est v\u00e9ritablement l\u2019ustensile de p\u00e2tisserie \u00e0 acqu\u00e9rir.<\/p>\n<p>Vous pouvez \u00e9galement l\u2019utiliser afin d\u2019<strong>incorporer des pr\u00e9parations d\u00e9licates <\/strong>comme la cr\u00e8me fouett\u00e9e ou le blanc de neige \u00e0 d\u2019autres pr\u00e9parations. Le silicone est en plus de cela une mati\u00e8re r\u00e9sistante \u00e0 la chaleur et qui ne d\u00e9gage pas d\u2019odeur. Il vous sera donc possible de l\u2019utiliser afin de m\u00e9langer des pr\u00e9parations chaudes.<\/p>\n<p><u>Nous vous proposons ces spatules en 3 formats diff\u00e9rents\u00a0: <\/u><\/p>\n<ul>\n<li>5 cm de longueur<\/li>\n<li>5 cm de longueur<\/li>\n<li>26 cm de longueur<\/li>\n<\/ul>\n<figure id=\"attachment_1761\" aria-describedby=\"caption-attachment-1761\" style=\"width: 597px\" class=\"wp-caption aligncenter\"><img loading=\"lazy\" decoding=\"async\" class=\"wp-image-1761 size-full\" src=\"https:\/\/www.kitchen.fr\/blog\/wp-content\/uploads\/2019\/06\/maryse-gateau.png\" alt=\"\" width=\"597\" height=\"600\" srcset=\"https:\/\/www.kitchen.fr\/blog\/wp-content\/uploads\/2019\/06\/maryse-gateau.png 597w, https:\/\/www.kitchen.fr\/blog\/wp-content\/uploads\/2019\/06\/maryse-gateau-150x150.png 150w, https:\/\/www.kitchen.fr\/blog\/wp-content\/uploads\/2019\/06\/maryse-gateau-498x500.png 498w\" sizes=\"(max-width: 597px) 100vw, 597px\" \/><figcaption id=\"caption-attachment-1761\" class=\"wp-caption-text\">Spatules en silicone<\/figcaption><\/figure>\n<h3>Les p\u00e2tes \u00e0 sucre<\/h3>\n<p>Tout d\u2019abord, j\u2019ai a \u00e9t\u00e9 agr\u00e9ablement surprise par la texture de la <a href=\"https:\/\/www.kitchen.fr\/cake-design-8\/pate-a-sucre-57\/scrapcooking-pate-a-sucre-blanche-gout-rhum-coco-200g-589.html\"><strong>p\u00e2te \u00e0 sucre rhum coco Scrapcooking <\/strong><\/a>qui ne colle absolument pas et surtout qui est extra souple et permet donc d\u2019\u00eatre travaill\u00e9e tr\u00e8s facilement.<\/p>\n<p>J\u2019ai choisi de recouvrir la totalit\u00e9 du g\u00e2teau avec la p\u00e2te \u00e0 sucre Rhum Coco. Figurez-vous que nous avons nous aussi pu go\u00fbter ce d\u00e9licieux g\u00e2teau &#8230; il a \u00e9videmment fait l\u2019unanimit\u00e9 mais surtout surpris des personnes qui n\u2019ont pas l\u2019habitude de manger ce genre de Cake design, recouvert de p\u00e2te \u00e0 sucre. En effet, le go\u00fbt mojito coco est tellement l\u00e9ger qu\u2019il ne vient en rien prendre le dessus sur les autres saveurs\u00a0! De plus sa texture est fondante en bouche, ce qui a fait le plus grand bonheur des petits et des grands gourmands.<\/p>\n<p>Pour celles ou ceux qui souhaiteraient apporter une autre couleur ou un autre go\u00fbt \u00e0 leur g\u00e2teau, nous vous proposons \u00e9galement une autre <strong>p\u00e2te \u00e0 sucre verte de 200 g go\u00fbt mojito<\/strong>\u00a0!<\/p>\n<figure id=\"attachment_1763\" aria-describedby=\"caption-attachment-1763\" style=\"width: 597px\" class=\"wp-caption aligncenter\"><img loading=\"lazy\" decoding=\"async\" class=\"wp-image-1763 size-full\" src=\"https:\/\/www.kitchen.fr\/blog\/wp-content\/uploads\/2019\/06\/pate-sucre-rhum-coco.png\" alt=\"\" width=\"597\" height=\"600\" srcset=\"https:\/\/www.kitchen.fr\/blog\/wp-content\/uploads\/2019\/06\/pate-sucre-rhum-coco.png 597w, https:\/\/www.kitchen.fr\/blog\/wp-content\/uploads\/2019\/06\/pate-sucre-rhum-coco-150x150.png 150w, https:\/\/www.kitchen.fr\/blog\/wp-content\/uploads\/2019\/06\/pate-sucre-rhum-coco-498x500.png 498w\" sizes=\"(max-width: 597px) 100vw, 597px\" \/><figcaption id=\"caption-attachment-1763\" class=\"wp-caption-text\">Pr\u00e9paration de la p\u00e2te \u00e0 sucre<\/figcaption><\/figure>\n<h3><a href=\"https:\/\/www.kitchen.fr\/cake-design-8\/colorant-alimentaire-58\/colorant-en-poudre-143\/scrapcooking-colorant-alimentaire-en-poudre-5g-493.html\">Les colorants en poudre<\/a><\/h3>\n<p>Comment ne pas craquer pour tout ces jolis coloris qui viendront embellir vos p\u00e2tisseries\u00a0? Des magnifiques couleurs pastel aux couleurs vives<strong>,<\/strong> 18 couleurs s\u2019offrent \u00e0 vous afin de laisser parler votre cr\u00e9ativit\u00e9\u00a0!<\/p>\n<p>Les colorants en poudre Scrapcooking a un concentr\u00e9 tellement important qu\u2019il vous suffira de plonger une pointe de couteau dedans afin d\u2019apporter la couleur n\u00e9cessaire \u00e0 votre p\u00e2tisserie.<\/p>\n<p>Nous souhaitons tout de m\u00eame vous avertir, vous pourrez peut-\u00eatre \u00eatre d\u00e9rout\u00e9 en ouvrant votre bo\u00eete qui contient ce colorant alimentaire car celle-ci n\u2019est pas remplie en entier, en revanche ces colorants comestibles en poudre p\u00e8sent bel et bien 5 g\u00a0!<\/p>\n<figure id=\"attachment_1752\" aria-describedby=\"caption-attachment-1752\" style=\"width: 595px\" class=\"wp-caption aligncenter\"><img loading=\"lazy\" decoding=\"async\" class=\"wp-image-1752 size-full\" src=\"https:\/\/www.kitchen.fr\/blog\/wp-content\/uploads\/2019\/06\/colorants-comestibles-poudre-w800-h600-1.png\" alt=\"\" width=\"595\" height=\"600\" srcset=\"https:\/\/www.kitchen.fr\/blog\/wp-content\/uploads\/2019\/06\/colorants-comestibles-poudre-w800-h600-1.png 595w, https:\/\/www.kitchen.fr\/blog\/wp-content\/uploads\/2019\/06\/colorants-comestibles-poudre-w800-h600-1-150x150.png 150w, https:\/\/www.kitchen.fr\/blog\/wp-content\/uploads\/2019\/06\/colorants-comestibles-poudre-w800-h600-1-496x500.png 496w\" sizes=\"(max-width: 595px) 100vw, 595px\" \/><figcaption id=\"caption-attachment-1752\" class=\"wp-caption-text\">Colorants alimentaires en poudre Scrapcooking<\/figcaption><\/figure>\n<h3><a href=\"https:\/\/www.kitchen.fr\/cake-design-8\/dentelle-alimentaire-59\/preparation-pour-dentelle-145\/silikomart-pate-a-dentelle-alimentaire-216.html\">Le tricot mix pour d\u00e9coration dentelle<\/a><\/h3>\n<p>Afin de cr\u00e9er de d\u00e9corer vos g\u00e2teaux comme un grand chef p\u00e2tissier, nous mettons \u00e0 votre disposition une <strong>poudre \u00e0 dentelle alimentaire<\/strong> qui viendra orner pi\u00e8ces mont\u00e9es ainsi que de nombreuses p\u00e2tisseries.<\/p>\n<p>L\u2019utilisation du tricot mix est en plus tr\u00e8s simple puisque vous avez juste \u00e0 m\u00e9langer la poudre dans de l\u2019eau ti\u00e8de puis de l\u2019\u00e9taler \u00e0 l\u2019aide d\u2019une spatule sur un moule en silicone. Si vous souhaitez comme moi colorer la dentelle alimentaire, il vous suffit de rajouter une pinc\u00e9e de colorant en poudre.<\/p>\n<figure id=\"attachment_1766\" aria-describedby=\"caption-attachment-1766\" style=\"width: 602px\" class=\"wp-caption aligncenter\"><img loading=\"lazy\" decoding=\"async\" class=\"wp-image-1766 size-full\" src=\"https:\/\/www.kitchen.fr\/blog\/wp-content\/uploads\/2019\/06\/poudre-dentelle-alimentaire.png\" alt=\"\" width=\"602\" height=\"600\" srcset=\"https:\/\/www.kitchen.fr\/blog\/wp-content\/uploads\/2019\/06\/poudre-dentelle-alimentaire.png 602w, https:\/\/www.kitchen.fr\/blog\/wp-content\/uploads\/2019\/06\/poudre-dentelle-alimentaire-300x300.png 300w, https:\/\/www.kitchen.fr\/blog\/wp-content\/uploads\/2019\/06\/poudre-dentelle-alimentaire-150x150.png 150w, https:\/\/www.kitchen.fr\/blog\/wp-content\/uploads\/2019\/06\/poudre-dentelle-alimentaire-500x498.png 500w, https:\/\/www.kitchen.fr\/blog\/wp-content\/uploads\/2019\/06\/poudre-dentelle-alimentaire-400x400.png 400w\" sizes=\"(max-width: 602px) 100vw, 602px\" \/><figcaption id=\"caption-attachment-1766\" class=\"wp-caption-text\">Poudre \u00e0 dentelle comestible<\/figcaption><\/figure>\n<p>Afin d\u2019obtenir un r\u00e9sultat irr\u00e9prochable<em>,<\/em> il faut passer le moule au four et laisser cuire le tout durant 10 \u00e0 15 minutes. Le d\u00e9moulage du d\u00e9cor dentelle est d\u00e9licat et il faut attendre que celle-ci ai refroidi.<\/p>\n<p>Pour les <em>mariages<\/em>, sur un <em>g\u00e2teau d\u2019anniversaire<\/em>, ou bien pour un <em>bapt\u00eame<\/em> il est v\u00e9ritablement l\u2019\u00e9l\u00e9ment de d\u00e9coration \u00e0 adopter\u00a0!<\/p>\n<figure id=\"attachment_1767\" aria-describedby=\"caption-attachment-1767\" style=\"width: 598px\" class=\"wp-caption aligncenter\"><img loading=\"lazy\" decoding=\"async\" class=\"wp-image-1767 size-full\" src=\"https:\/\/www.kitchen.fr\/blog\/wp-content\/uploads\/2019\/06\/layer-cake-chocolat-coco.png\" alt=\"\" width=\"598\" height=\"600\" srcset=\"https:\/\/www.kitchen.fr\/blog\/wp-content\/uploads\/2019\/06\/layer-cake-chocolat-coco.png 598w, https:\/\/www.kitchen.fr\/blog\/wp-content\/uploads\/2019\/06\/layer-cake-chocolat-coco-300x300.png 300w, https:\/\/www.kitchen.fr\/blog\/wp-content\/uploads\/2019\/06\/layer-cake-chocolat-coco-150x150.png 150w, https:\/\/www.kitchen.fr\/blog\/wp-content\/uploads\/2019\/06\/layer-cake-chocolat-coco-498x500.png 498w, https:\/\/www.kitchen.fr\/blog\/wp-content\/uploads\/2019\/06\/layer-cake-chocolat-coco-400x400.png 400w\" sizes=\"(max-width: 598px) 100vw, 598px\" \/><figcaption id=\"caption-attachment-1767\" class=\"wp-caption-text\">Cake design<\/figcaption><\/figure>\n<p>D\u2019autres recettes de g\u00e2teaux vous attendent sur Kitchen Blog. Pour ceux qui auraient un peu peur de se lancer dans la r\u00e9alisation de Layer cake, ces g\u00e2teaux sont en r\u00e9alit\u00e9 faciles \u00e0 effectuer. De plus, leur format et leur composition m\u00ealent diff\u00e9rentes saveurs qui nous font fondre de plaisir\u00a0! <strong>G\u00e2teau fondant<\/strong>, g\u00e2teau croquant, tout chocolat, avec ou sans biscuit moelleux, ce qui est magique avec ces p\u00e2tisseries design c\u2019est que tout devient possible.<\/p>\n<p>Nous vous donnons \u00e9galement pleins de petites astuces afin de d\u00e9corer comme un vrai pro vos g\u00e2teaux. En effet, vous pourrez \u00e9galement retrouver tous nos conseils concernant l\u2019utilisation des douilles, des poches \u00e0 douilles, des cercles ou de moule \u00e0 cake.<\/p>\n<p>&nbsp;<\/p>\n","protected":false},"excerpt":{"rendered":"<p>Vous vous \u00eates s\u00fbrement d\u00e9j\u00e0 demand\u00e9 quel g\u00e2teau d\u2019anniversaire ferait plaisir aux gourmands qui vous entourent\u00a0et \u00e9videmment au principal pr\u00e9pos\u00e9 ? Eh bien voici un g\u00e2teau qui sort un peu de l\u2019ordinaire\u00a0! Pour ce nouveau g\u00e2teau, j\u2019ai voulu r\u00e9aliser un g\u00e2teau au chocolat accompagn\u00e9 d\u2019une touche de noix de coco. En plus de vous fournir&#8230;<\/p>\n<div class=\" [&hellip;]\"><a href=\"https:\/\/www.kitchen.fr\/blog\/comment-faire-layer-cake-chocolat-coco\/\">Lire plus<\/a><\/div>\n","protected":false},"author":1,"featured_media":1753,"comment_status":"open","ping_status":"open","sticky":false,"template":"","format":"standard","meta":{"footnotes":""},"categories":[3],"tags":[],"aioseo_notices":[],"_links":{"self":[{"href":"https:\/\/www.kitchen.fr\/blog\/wp-json\/wp\/v2\/posts\/1746"}],"collection":[{"href":"https:\/\/www.kitchen.fr\/blog\/wp-json\/wp\/v2\/posts"}],"about":[{"href":"https:\/\/www.kitchen.fr\/blog\/wp-json\/wp\/v2\/types\/post"}],"author":[{"embeddable":true,"href":"https:\/\/www.kitchen.fr\/blog\/wp-json\/wp\/v2\/users\/1"}],"replies":[{"embeddable":true,"href":"https:\/\/www.kitchen.fr\/blog\/wp-json\/wp\/v2\/comments?post=1746"}],"version-history":[{"count":10,"href":"https:\/\/www.kitchen.fr\/blog\/wp-json\/wp\/v2\/posts\/1746\/revisions"}],"predecessor-version":[{"id":2605,"href":"https:\/\/www.kitchen.fr\/blog\/wp-json\/wp\/v2\/posts\/1746\/revisions\/2605"}],"wp:featuredmedia":[{"embeddable":true,"href":"https:\/\/www.kitchen.fr\/blog\/wp-json\/wp\/v2\/media\/1753"}],"wp:attachment":[{"href":"https:\/\/www.kitchen.fr\/blog\/wp-json\/wp\/v2\/media?parent=1746"}],"wp:term":[{"taxonomy":"category","embeddable":true,"href":"https:\/\/www.kitchen.fr\/blog\/wp-json\/wp\/v2\/categories?post=1746"},{"taxonomy":"post_tag","embeddable":true,"href":"https:\/\/www.kitchen.fr\/blog\/wp-json\/wp\/v2\/tags?post=1746"}],"curies":[{"name":"wp","href":"https:\/\/api.w.org\/{rel}","templated":true}]}}